{"id":639,"date":"2016-10-20T15:06:13","date_gmt":"2016-10-20T15:06:13","guid":{"rendered":"https:\/\/sinbad2.ujaen.es\/prensa\/2876-la-uja-incluida-en-un-proyecto-europeo-de-idi\/"},"modified":"2025-10-09T18:36:41","modified_gmt":"2025-10-09T18:36:41","slug":"2876-la-uja-incluida-en-un-proyecto-europeo-de-idi","status":"publish","type":"prensa","link":"https:\/\/sinbad2.ujaen.es\/?prensa=2876-la-uja-incluida-en-un-proyecto-europeo-de-idi","title":{"rendered":"La UJA, incluida en un proyecto europeo de I+D+i"},"content":{"rendered":"\n<div style=\"text-align:center; margin:20px 0;\"><img decoding=\"async\" class=\"tamImagenPremios\" src=\"https:\/\/sinbad2.ujaen.es\/wp-content\/uploads\/2020\/12\/h2020_2.jpg\" \/><\/div><p class='lineaGris'><span class='titulosInfo'>T\u00edtulo:<\/span> La UJA, incluida en un proyecto europeo de I+D+i<\/p><br><p>\r\nEl grupo de investigaci\u00f3n de Sistemas Inteligentes Basados en An\u00e1lisis de Decisi\u00f3n Difusos (SINBAD2) ha obtenido uno de los prestigiosos proyectos europeos en la l\u00ednea de innovaci\u00f3n e intercambio de personal dentro de la Acci\u00f3n Marie Sklodowska-Curie RISE. Se trata del primer proyecto europeo que se concede a la Universidad de Ja\u00e9n en la l\u00ednea de I+D+i del Programa Horizonte 2020 de la Comisi\u00f3n Europea. La profesora del Departamento de Inform\u00e1tica, Macarena Espinilla, y el director del grupo, Luis Mart\u00ednez, ser\u00e1n los investigadores participantes en un trabajo que lidera y coordina Chris Nugent, catedr\u00e1tico de ingenier\u00eda biom\u00e9dica de la Universidad del Ulster.\r\n\r\nEl proyecto se titula \u201cThe use of computational techniques to improve compliance to reminders within Smart environments\u201d. Su objetivo es la creaci\u00f3n de una red internacional e intersectorial para facilitar el intercambio de personal para progresar en el desarrollo de tecnolog\u00edas de recuerdo, dirigidas principalmente a personas con demencia.<\/p><p><span class='titulosInfo'>A\u00f1o:<\/span> 2016<\/p><p><span class=\"titulosInfo\">Fuente:<\/span> <a href=\"http:\/\/www.diariojaen.es\/jaen\/la-uja-incluida-en-un-proyecto-europeo-de-i-d-i-FF2227250\" target=\"_blank\">http:\/\/www.diariojaen.es\/jaen\/la-uja-incluida-en-un-proyecto-europeo-de-i-d-i-FF2227250<\/a><\/p>\n","protected":false},"author":8,"featured_media":640,"template":"","meta":{"_acf_changed":false,"_links_to":"","_links_to_target":""},"class_list":["post-639","prensa","type-prensa","status-publish","has-post-thumbnail","hentry"],"acf":[],"_links":{"self":[{"href":"https:\/\/sinbad2.ujaen.es\/index.php?rest_route=\/wp\/v2\/prensa\/639","targetHints":{"allow":["GET"]}}],"collection":[{"href":"https:\/\/sinbad2.ujaen.es\/index.php?rest_route=\/wp\/v2\/prensa"}],"about":[{"href":"https:\/\/sinbad2.ujaen.es\/index.php?rest_route=\/wp\/v2\/types\/prensa"}],"author":[{"embeddable":true,"href":"https:\/\/sinbad2.ujaen.es\/index.php?rest_route=\/wp\/v2\/users\/8"}],"wp:featuredmedia":[{"embeddable":true,"href":"https:\/\/sinbad2.ujaen.es\/index.php?rest_route=\/wp\/v2\/media\/640"}],"wp:attachment":[{"href":"https:\/\/sinbad2.ujaen.es\/index.php?rest_route=%2Fwp%2Fv2%2Fmedia&parent=639"}],"curies":[{"name":"wp","href":"https:\/\/api.w.org\/{rel}","templated":true}]}}