{"id":83675,"date":"2025-11-06T17:56:39","date_gmt":"2025-11-06T17:56:39","guid":{"rendered":"https:\/\/sinbad2.ujaen.es\/?post_type=prensa&#038;p=83675"},"modified":"2026-03-15T17:29:36","modified_gmt":"2026-03-15T17:29:36","slug":"la-universidad-de-jaen-destaca-el-talento-de-sus-investigadoras-y-cientificas","status":"publish","type":"prensa","link":"https:\/\/sinbad2.ujaen.es\/?prensa=la-universidad-de-jaen-destaca-el-talento-de-sus-investigadoras-y-cientificas","title":{"rendered":"La Universidad de Ja\u00e9n destaca el talento de sus investigadoras y cient\u00edficas"},"content":{"rendered":"\n<p><\/p>\n\n\n\n<p class='lineaGris'><span class='titulosInfo'>T\u00edtulo:<\/span> La Universidad de Ja\u00e9n destaca el talento de sus investigadoras y cient\u00edficas<\/p><br><p>La Universidad de Ja\u00e9n celebra el 11 de febrero, una nueva edici\u00f3n del D\u00eda Internacional de la Mujer y la Ni\u00f1a en la Ciencia en el que participa Sinbad2.<\/p><p><span class='titulosInfo'>A\u00f1o:<\/span> 2025<\/p>\n","protected":false},"author":63,"featured_media":0,"template":"","meta":{"_acf_changed":false,"_links_to":"","_links_to_target":""},"class_list":["post-83675","prensa","type-prensa","status-publish","hentry"],"acf":[],"_links":{"self":[{"href":"https:\/\/sinbad2.ujaen.es\/index.php?rest_route=\/wp\/v2\/prensa\/83675","targetHints":{"allow":["GET"]}}],"collection":[{"href":"https:\/\/sinbad2.ujaen.es\/index.php?rest_route=\/wp\/v2\/prensa"}],"about":[{"href":"https:\/\/sinbad2.ujaen.es\/index.php?rest_route=\/wp\/v2\/types\/prensa"}],"author":[{"embeddable":true,"href":"https:\/\/sinbad2.ujaen.es\/index.php?rest_route=\/wp\/v2\/users\/63"}],"wp:attachment":[{"href":"https:\/\/sinbad2.ujaen.es\/index.php?rest_route=%2Fwp%2Fv2%2Fmedia&parent=83675"}],"curies":[{"name":"wp","href":"https:\/\/api.w.org\/{rel}","templated":true}]}}